{"id":2012,"date":"2022-11-09T14:34:41","date_gmt":"2022-11-09T13:34:41","guid":{"rendered":"http:\/\/slas.com.pl\/?p=2012"},"modified":"2022-11-09T15:51:31","modified_gmt":"2022-11-09T14:51:31","slug":"nagroda-w-kategorii-obiekt-oraz-grand-prix-nagroda-w-kategorii-obiekt-a-jednoczesnie-grand-prix-dla-zespolu-slas-architekci-aleksander-bednarski-mariusz-komraus-przyznano-za-rozbudowe-budynku-panstwo","status":"publish","type":"post","link":"https:\/\/slas.com.pl\/en\/nagroda-w-kategorii-obiekt-oraz-grand-prix-nagroda-w-kategorii-obiekt-a-jednoczesnie-grand-prix-dla-zespolu-slas-architekci-aleksander-bednarski-mariusz-komraus-przyznano-za-rozbudowe-budynku-panstwo\/","title":{"rendered":"Nagroda w kategorii OBIEKT oraz GRAND PRIX  konkursu ARCHITEKTURA ROKU WOJEW\u00d3DZTWA \u015aL\u0104SKIEGO 2022 dla Zespo\u0142u SLAS architekci  za Rozbudow\u0119 budynku Pa\u0144stwowej Szko\u0142y Muzycznej I i II stopnia w Jastrz\u0119biu Zdroju !"},"content":{"rendered":"<p class=\"qtranxs-available-languages-message qtranxs-available-languages-message-en\">Sorry, this entry is only available in <a href=\"https:\/\/slas.com.pl\/pl\/wp-json\/wp\/v2\/posts\/2012\" class=\"qtranxs-available-language-link qtranxs-available-language-link-pl\" title=\"Polski\">Polski<\/a>.<\/p><p><img loading=\"lazy\" decoding=\"async\" src=\"http:\/\/slas.com.pl\/wp-content\/uploads\/2022\/11\/Nagrody-SARP_2022_final.jpg\" alt=\"Nagrody SARP_2022_final\" width=\"650\" height=\"788\" class=\"alignleft size-full wp-image-2033\" \/><br \/>\nZ opinii  jury:<br \/>\n<em>&#8221; Nagrod\u0119 przyznano za ca\u0142o\u015bciow\u0105, sp\u00f3jn\u0105 i przejrzyst\u0105 koncepcj\u0119 obejmuj\u0105c\u0105 budow\u0119 formy architektonicznej,<br \/>\nwn\u0119trze obiektu i detal. Budynek mimo swej skali zdaje si\u0119 ulotnym i transparentnym \u2013 jest ulotny i odrealniony.<br \/>\nLapidarno\u015b\u0107 bry\u0142y podkre\u015blona jest \u015bwiadomym operowaniem l\u015bni\u0105c\u0105 ok\u0142adzin\u0105 fasad, a jego doskonale bia\u0142e,<br \/>\n\u201eradosne i lekkie\u201d wn\u0119trze cz\u0119\u015bci dost\u0119pnej dla publiczno\u015bci czytelnie kontrastuje z podnios\u0142ym nastrojem sali<br \/>\nkoncertowej, w kt\u00f3rej dominuje czer\u0144 wyko\u0144cze\u0144 umiej\u0119tnie \u201einkrustowana\u201d drewnianymi fakturami mebli i pod\u0142\u00f3g.<br \/>\nFaktury wyko\u0144cze\u0144 i minimalistyczny, ale rygorystyczne i \u015bwiadomie kszta\u0142towany detal i nadaj\u0105 fasadom i wn\u0119trzom<br \/>\nwalor prostoty, kt\u00f3ra r\u00f3wnocze\u015bnie zaskakuje oczywisto\u015bci\u0105 i wyrafinowaniem.&#8221;<\/em><br \/>\n<\/span>Wi\u0119cej informacji: <a href=\"http:\/\/www.sarp.katowice.pl\/Wyniki_973.html\" title=\"SARP \" target=\"_blank\">SARP \/ AR 2022<\/a><\/p>\n<p><\/p>","protected":false},"excerpt":{"rendered":"<p>Sorry, this entry is only available in Polski. Z opinii jury: &#8221; Nagrod\u0119 przyznano za ca\u0142o\u015bciow\u0105, sp\u00f3jn\u0105 i przejrzyst\u0105 koncepcj\u0119 obejmuj\u0105c\u0105 budow\u0119 formy architektonicznej, wn\u0119trze obiektu i detal. Budynek mimo swej skali zdaje si\u0119 ulotnym i transparentnym \u2013 jest ulotny i odrealniony. Lapidarno\u015b\u0107 bry\u0142y podkre\u015blona jest \u015bwiadomym operowaniem l\u015bni\u0105c\u0105 ok\u0142adzin\u0105 fasad, a jego doskonale bia\u0142e, [&hellip;]<\/p>\n","protected":false},"author":1,"featured_media":0,"comment_status":"closed","ping_status":"closed","sticky":false,"template":"","format":"standard","meta":{"footnotes":""},"categories":[4],"tags":[],"class_list":["post-2012","post","type-post","status-publish","format-standard","hentry","category-aktualnosci"],"aioseo_notices":[],"_links":{"self":[{"href":"https:\/\/slas.com.pl\/en\/wp-json\/wp\/v2\/posts\/2012","targetHints":{"allow":["GET"]}}],"collection":[{"href":"https:\/\/slas.com.pl\/en\/wp-json\/wp\/v2\/posts"}],"about":[{"href":"https:\/\/slas.com.pl\/en\/wp-json\/wp\/v2\/types\/post"}],"author":[{"embeddable":true,"href":"https:\/\/slas.com.pl\/en\/wp-json\/wp\/v2\/users\/1"}],"replies":[{"embeddable":true,"href":"https:\/\/slas.com.pl\/en\/wp-json\/wp\/v2\/comments?post=2012"}],"version-history":[{"count":16,"href":"https:\/\/slas.com.pl\/en\/wp-json\/wp\/v2\/posts\/2012\/revisions"}],"predecessor-version":[{"id":2045,"href":"https:\/\/slas.com.pl\/en\/wp-json\/wp\/v2\/posts\/2012\/revisions\/2045"}],"wp:attachment":[{"href":"https:\/\/slas.com.pl\/en\/wp-json\/wp\/v2\/media?parent=2012"}],"wp:term":[{"taxonomy":"category","embeddable":true,"href":"https:\/\/slas.com.pl\/en\/wp-json\/wp\/v2\/categories?post=2012"},{"taxonomy":"post_tag","embeddable":true,"href":"https:\/\/slas.com.pl\/en\/wp-json\/wp\/v2\/tags?post=2012"}],"curies":[{"name":"wp","href":"https:\/\/api.w.org\/{rel}","templated":true}]}}